{"id":17937,"date":"2023-12-28T15:26:09","date_gmt":"2023-12-28T14:26:09","guid":{"rendered":"https:\/\/saloni.pl\/?p=17937"},"modified":"2023-12-28T15:28:53","modified_gmt":"2023-12-28T14:28:53","slug":"nowosc-kabina-alienta-black","status":"publish","type":"post","link":"https:\/\/saloni.pl\/index.php\/2023\/12\/28\/nowosc-kabina-alienta-black\/","title":{"rendered":"Nowo\u015b\u0107 ! Kabina Alienta Black"},"content":{"rendered":"<p>Wprowadzili\u015bmy do oferty seri\u0119 <strong>Alienta Black<\/strong>.<\/p>\n<p>Dzi\u0119ki przesuwnemu sposobowi otwierania drzwi, kabiny z serii Alienta Black idealnie nadaj\u0105 si\u0119 do przestrzeni \u0142azienkowych z ograniczon\u0105 powierzchni\u0105.<\/p>\n<p>Jej czarne profile, uchwyty oraz uszczelki nadaj\u0105 wn\u0119trzu \u0142azienki wyj\u0105tkowego charakteru i stylu.<\/p>\n<p>Salon Home Concept tel. 22 8243014<\/p>\n<p>Salon Bartycka tel. 22 5591050<\/p>\n<p><img loading=\"lazy\" decoding=\"async\" class=\"alignnone size-large wp-image-17940\" src=\"https:\/\/saloni.pl\/wp-content\/uploads\/2023\/12\/Radaway-Alienta-black-DWJ-1440x900-1-1024x640.jpg\" alt=\"\" width=\"1024\" height=\"640\" srcset=\"https:\/\/saloni.pl\/wp-content\/uploads\/2023\/12\/Radaway-Alienta-black-DWJ-1440x900-1-1024x640.jpg 1024w, https:\/\/saloni.pl\/wp-content\/uploads\/2023\/12\/Radaway-Alienta-black-DWJ-1440x900-1-300x188.jpg 300w, https:\/\/saloni.pl\/wp-content\/uploads\/2023\/12\/Radaway-Alienta-black-DWJ-1440x900-1-768x480.jpg 768w, https:\/\/saloni.pl\/wp-content\/uploads\/2023\/12\/Radaway-Alienta-black-DWJ-1440x900-1-600x375.jpg 600w, https:\/\/saloni.pl\/wp-content\/uploads\/2023\/12\/Radaway-Alienta-black-DWJ-1440x900-1.jpg 1440w\" sizes=\"auto, (max-width: 1024px) 100vw, 1024px\" \/><\/p>\n<p><img loading=\"lazy\" decoding=\"async\" class=\"alignnone size-large wp-image-17941\" src=\"https:\/\/saloni.pl\/wp-content\/uploads\/2023\/12\/Radaway-Alienta-black-DWJS-1440x900-1-1024x640.jpg\" alt=\"\" width=\"1024\" height=\"640\" srcset=\"https:\/\/saloni.pl\/wp-content\/uploads\/2023\/12\/Radaway-Alienta-black-DWJS-1440x900-1-1024x640.jpg 1024w, https:\/\/saloni.pl\/wp-content\/uploads\/2023\/12\/Radaway-Alienta-black-DWJS-1440x900-1-300x188.jpg 300w, https:\/\/saloni.pl\/wp-content\/uploads\/2023\/12\/Radaway-Alienta-black-DWJS-1440x900-1-768x480.jpg 768w, https:\/\/saloni.pl\/wp-content\/uploads\/2023\/12\/Radaway-Alienta-black-DWJS-1440x900-1-600x375.jpg 600w, https:\/\/saloni.pl\/wp-content\/uploads\/2023\/12\/Radaway-Alienta-black-DWJS-1440x900-1.jpg 1440w\" sizes=\"auto, (max-width: 1024px) 100vw, 1024px\" \/><\/p>\n<p><img loading=\"lazy\" decoding=\"async\" class=\"alignnone size-large wp-image-17938\" src=\"https:\/\/saloni.pl\/wp-content\/uploads\/2023\/12\/Radaway-Alienta-black-A-1440x900-1-1024x640.jpg\" alt=\"\" width=\"1024\" height=\"640\" srcset=\"https:\/\/saloni.pl\/wp-content\/uploads\/2023\/12\/Radaway-Alienta-black-A-1440x900-1-1024x640.jpg 1024w, https:\/\/saloni.pl\/wp-content\/uploads\/2023\/12\/Radaway-Alienta-black-A-1440x900-1-300x188.jpg 300w, https:\/\/saloni.pl\/wp-content\/uploads\/2023\/12\/Radaway-Alienta-black-A-1440x900-1-768x480.jpg 768w, https:\/\/saloni.pl\/wp-content\/uploads\/2023\/12\/Radaway-Alienta-black-A-1440x900-1-600x375.jpg 600w, https:\/\/saloni.pl\/wp-content\/uploads\/2023\/12\/Radaway-Alienta-black-A-1440x900-1.jpg 1440w\" sizes=\"auto, (max-width: 1024px) 100vw, 1024px\" \/><\/p>\n<p><img loading=\"lazy\" decoding=\"async\" class=\"alignnone size-large wp-image-17939\" src=\"https:\/\/saloni.pl\/wp-content\/uploads\/2023\/12\/Radaway-Alienta-black-C-1440x900-1-1024x640.jpg\" alt=\"\" width=\"1024\" height=\"640\" srcset=\"https:\/\/saloni.pl\/wp-content\/uploads\/2023\/12\/Radaway-Alienta-black-C-1440x900-1-1024x640.jpg 1024w, https:\/\/saloni.pl\/wp-content\/uploads\/2023\/12\/Radaway-Alienta-black-C-1440x900-1-300x188.jpg 300w, https:\/\/saloni.pl\/wp-content\/uploads\/2023\/12\/Radaway-Alienta-black-C-1440x900-1-768x480.jpg 768w, https:\/\/saloni.pl\/wp-content\/uploads\/2023\/12\/Radaway-Alienta-black-C-1440x900-1-600x375.jpg 600w, https:\/\/saloni.pl\/wp-content\/uploads\/2023\/12\/Radaway-Alienta-black-C-1440x900-1.jpg 1440w\" sizes=\"auto, (max-width: 1024px) 100vw, 1024px\" \/><\/p>\n","protected":false},"excerpt":{"rendered":"<p>Wprowadzili\u015bmy do oferty seri\u0119 Alienta Black. Dzi\u0119ki przesuwnemu sposobowi otwierania drzwi, kabiny z serii Alienta Black idealnie nadaj\u0105 si\u0119 do przestrzeni \u0142azienkowych z ograniczon\u0105 powierzchni\u0105. Jej czarne profile, uchwyty oraz uszczelki nadaj\u0105 wn\u0119trzu \u0142azienki wyj\u0105tkowego charakteru i stylu. Salon Home Concept tel. 22 8243014 Salon Bartycka tel. 22 5591050<\/p>\n","protected":false},"author":2,"featured_media":17940,"comment_status":"closed","ping_status":"closed","sticky":false,"template":"","format":"standard","meta":{"footnotes":""},"categories":[1],"tags":[],"class_list":["post-17937","post","type-post","status-publish","format-standard","has-post-thumbnail","hentry","category-aktualnosci"],"_links":{"self":[{"href":"https:\/\/saloni.pl\/index.php\/wp-json\/wp\/v2\/posts\/17937","targetHints":{"allow":["GET"]}}],"collection":[{"href":"https:\/\/saloni.pl\/index.php\/wp-json\/wp\/v2\/posts"}],"about":[{"href":"https:\/\/saloni.pl\/index.php\/wp-json\/wp\/v2\/types\/post"}],"author":[{"embeddable":true,"href":"https:\/\/saloni.pl\/index.php\/wp-json\/wp\/v2\/users\/2"}],"replies":[{"embeddable":true,"href":"https:\/\/saloni.pl\/index.php\/wp-json\/wp\/v2\/comments?post=17937"}],"version-history":[{"count":4,"href":"https:\/\/saloni.pl\/index.php\/wp-json\/wp\/v2\/posts\/17937\/revisions"}],"predecessor-version":[{"id":17945,"href":"https:\/\/saloni.pl\/index.php\/wp-json\/wp\/v2\/posts\/17937\/revisions\/17945"}],"wp:featuredmedia":[{"embeddable":true,"href":"https:\/\/saloni.pl\/index.php\/wp-json\/wp\/v2\/media\/17940"}],"wp:attachment":[{"href":"https:\/\/saloni.pl\/index.php\/wp-json\/wp\/v2\/media?parent=17937"}],"wp:term":[{"taxonomy":"category","embeddable":true,"href":"https:\/\/saloni.pl\/index.php\/wp-json\/wp\/v2\/categories?post=17937"},{"taxonomy":"post_tag","embeddable":true,"href":"https:\/\/saloni.pl\/index.php\/wp-json\/wp\/v2\/tags?post=17937"}],"curies":[{"name":"wp","href":"https:\/\/api.w.org\/{rel}","templated":true}]}}